{"id":1036,"name":"Luna Ochoa","url":"http:\/\/luna8acello@gmail.com","description":"Luna Ochoa naci\u00f3 en Zaragoza y reside actualmente en Barcelona. \r\nEs curiosa, creativa, buscadora incansable, conectora de ideas y \u201caprendedora\u201d constante. A lo largo de los a\u00f1os, su carrera profesional se ha manifestado de diversas maneras: como cellista, actriz, ilustradora y profesora. Su creatividad la ha llevado incluso a desarrollar un innovador producto textil para su propia start-up.\r\nSuele sentirse atra\u00edda por una l\u00ednea expresiva y decidida, casi urgente, que le permite comunicar sus ideas, que surgen en cualquier momento. Adem\u00e1s, le encanta explorar las posibilidades de distintas t\u00e9cnicas y jugar con el color. Su incontinencia mental y manual la impulsa a tener siempre alg\u00fan proyecto en curso, y los temas que le interesan los transmite de una forma tan personal que se vuelven universales.\r\nSu primer contacto con el mundo de la ilustraci\u00f3n fue cuando la seleccionaron para ilustrar un libro juvenil sobre ciencia. Disfrut\u00f3 tanto el proceso que tuvo claro que quer\u00eda estudiar el Grado Superior de Ilustraci\u00f3n en la Escola Illa de Sabadell, donde su profesor favorito fue Christian Inaraja. Posteriormente estudi\u00f3 en Cifo de Hospitalet el curso por el que obtuvo la Capacitaci\u00f3n Profesional y tambi\u00e9n el curso de \u00c1lbum Ilustrado con los profesores Dani Torrent y Diego Mallo. Actualmente sigue form\u00e1ndose en la Escola de la Dona, con Ignasi Blanch. \r\nAlgunos de los profesores de ilustraci\u00f3n con los que ha realizado cursos o masterclases  son: Guridi, Maru Godas, Isidro Ferrer o Jes\u00fas Cisneros.","link":"https:\/\/apic.cat\/cas\/author\/lunaochoa\/","slug":"lunaochoa","avatar_urls":{"24":"https:\/\/secure.gravatar.com\/avatar\/870704e7d6992fd9b56692486a5c953006a9590a8b22dfdfb6d9ff3cd80c540f?s=24&d=mm&r=g","48":"https:\/\/secure.gravatar.com\/avatar\/870704e7d6992fd9b56692486a5c953006a9590a8b22dfdfb6d9ff3cd80c540f?s=48&d=mm&r=g","96":"https:\/\/secure.gravatar.com\/avatar\/870704e7d6992fd9b56692486a5c953006a9590a8b22dfdfb6d9ff3cd80c540f?s=96&d=mm&r=g"},"meta":[],"acf":[],"_links":{"self":[{"href":"https:\/\/apic.cat\/cas\/wp-json\/wp\/v2\/users\/1036","targetHints":{"allow":["GET"]}}],"collection":[{"href":"https:\/\/apic.cat\/cas\/wp-json\/wp\/v2\/users"}]}}