{"id":253,"name":"Joan Carles Blanch i Torrebadell","url":"http:\/\/www.estudiblanch.cat","description":"Il\u00b7lustrador i historiador, 1973. Resideixo a La Riera de Gai\u00e0 on hi tinc les meves arrels  i el meu estudi.\r\n\r\nLa meva passi\u00f3 \u00e9s la hist\u00f2ria. Especialitzat en les il\u00b7lustracions hist\u00f2riques he publicat diversos llibres, on combino  dues disciplines: la recerca hist\u00f2rica (creaci\u00f3 de text) i les il\u00b7lustracions. Tamb\u00e9 tinc altres registres gr\u00e0fics. Treballo majorit\u00e0riament per a institucions, encara que tamb\u00e9 tinc enc\u00e0rrecs d\u00b4editorials i associacions.","link":"https:\/\/apic.cat\/cas\/author\/joan-carles-blanch-torrebadell\/","slug":"joan-carles-blanch-torrebadell","avatar_urls":{"24":"https:\/\/secure.gravatar.com\/avatar\/d4067601596ed6d253a6f8f0edfcaf561abcc7d07e4f39fc4f3484d519f2469b?s=24&d=mm&r=g","48":"https:\/\/secure.gravatar.com\/avatar\/d4067601596ed6d253a6f8f0edfcaf561abcc7d07e4f39fc4f3484d519f2469b?s=48&d=mm&r=g","96":"https:\/\/secure.gravatar.com\/avatar\/d4067601596ed6d253a6f8f0edfcaf561abcc7d07e4f39fc4f3484d519f2469b?s=96&d=mm&r=g"},"meta":[],"acf":[],"_links":{"self":[{"href":"https:\/\/apic.cat\/cas\/wp-json\/wp\/v2\/users\/253","targetHints":{"allow":["GET"]}}],"collection":[{"href":"https:\/\/apic.cat\/cas\/wp-json\/wp\/v2\/users"}]}}