{"id":103,"name":"Lalablanche","url":"http:\/\/www.ideiaeditorial.cat","description":"Despr\u00e9s de passar per la fotografia, el disseny gr\u00e0fic i la producci\u00f3 teatral, em planto uns dies en la il\u00b7lustraci\u00f3 abans de fer el salt definitiu al cant.\r\nM'agrada dibuixar, amb ipad, ordinador, pinzells , llapissos i dits. Pero sempre amb molts colors.","link":"https:\/\/apic.cat\/eng\/author\/blancacaminal\/","slug":"blancacaminal","avatar_urls":{"24":"https:\/\/secure.gravatar.com\/avatar\/6e0ac52a37cab6eda92d620ab28fa4efaca4bcb2acc1d5fcc010f0e04aa32fdc?s=24&d=mm&r=g","48":"https:\/\/secure.gravatar.com\/avatar\/6e0ac52a37cab6eda92d620ab28fa4efaca4bcb2acc1d5fcc010f0e04aa32fdc?s=48&d=mm&r=g","96":"https:\/\/secure.gravatar.com\/avatar\/6e0ac52a37cab6eda92d620ab28fa4efaca4bcb2acc1d5fcc010f0e04aa32fdc?s=96&d=mm&r=g"},"meta":[],"acf":[],"_links":{"self":[{"href":"https:\/\/apic.cat\/eng\/wp-json\/wp\/v2\/users\/103","targetHints":{"allow":["GET"]}}],"collection":[{"href":"https:\/\/apic.cat\/eng\/wp-json\/wp\/v2\/users"}]}}